{"id":6159,"date":"2018-12-19T11:30:02","date_gmt":"2018-12-19T10:30:02","guid":{"rendered":"http:\/\/www.musique-cugy-vesin.ch\/?p=6159"},"modified":"2018-12-22T09:49:11","modified_gmt":"2018-12-22T08:49:11","slug":"audition-de-noel-2016-de-lecole-de-musique-2","status":"publish","type":"post","link":"https:\/\/www.musique-cugy-vesin.ch\/?p=6159","title":{"rendered":"Audition de No\u00ebl 2018 de l&rsquo;\u00e9cole de musique"},"content":{"rendered":"<p>L&rsquo;\u00e9cole de musique organise l&rsquo;audition des cuivres et percussions le<\/p>\n<p><span style=\"color: #339966; text-decoration: underline;\"><span style=\"text-decoration: underline;\">vendredi 21 d\u00e9cembre 2018 \u00e0 18h30 \u00e0 la grande salle de Cugy<\/span><\/span><\/p>\n<p>Cette audition est constitu\u00e9e principalement de pi\u00e8ces pour petits groupes, duo, trio, quatuor ou plus! Elle est donc tr\u00e8s agr\u00e9able \u00e0 \u00e9couter.<br \/>\nVenez nombreux soutenir nos jeunes et moins jeunes musiciens.<\/p>\n<p>&nbsp;<\/p>\n","protected":false},"excerpt":{"rendered":"<p>L&rsquo;\u00e9cole de musique organise l&rsquo;audition des cuivres et percussions le vendredi 21 d\u00e9cembre 2018 \u00e0 18h30 \u00e0 la grande salle de Cugy Cette audition est constitu\u00e9e principalement de pi\u00e8ces pour petits groupes, duo, trio, quatuor ou plus! Elle est donc tr\u00e8s agr\u00e9able \u00e0 \u00e9couter. Venez nombreux soutenir nos jeunes et moins jeunes musiciens. &nbsp;<\/p>\n","protected":false},"author":3,"featured_media":391,"comment_status":"closed","ping_status":"closed","sticky":false,"template":"","format":"standard","meta":{"_crdt_document":"","ngg_post_thumbnail":0,"footnotes":""},"categories":[10],"tags":[17,18],"class_list":["post-6159","post","type-post","status-publish","format-standard","has-post-thumbnail","hentry","category-news","tag-audition","tag-ecole-de-musique","entry"],"_links":{"self":[{"href":"https:\/\/www.musique-cugy-vesin.ch\/index.php?rest_route=\/wp\/v2\/posts\/6159","targetHints":{"allow":["GET"]}}],"collection":[{"href":"https:\/\/www.musique-cugy-vesin.ch\/index.php?rest_route=\/wp\/v2\/posts"}],"about":[{"href":"https:\/\/www.musique-cugy-vesin.ch\/index.php?rest_route=\/wp\/v2\/types\/post"}],"author":[{"embeddable":true,"href":"https:\/\/www.musique-cugy-vesin.ch\/index.php?rest_route=\/wp\/v2\/users\/3"}],"replies":[{"embeddable":true,"href":"https:\/\/www.musique-cugy-vesin.ch\/index.php?rest_route=%2Fwp%2Fv2%2Fcomments&post=6159"}],"version-history":[{"count":1,"href":"https:\/\/www.musique-cugy-vesin.ch\/index.php?rest_route=\/wp\/v2\/posts\/6159\/revisions"}],"predecessor-version":[{"id":6160,"href":"https:\/\/www.musique-cugy-vesin.ch\/index.php?rest_route=\/wp\/v2\/posts\/6159\/revisions\/6160"}],"wp:featuredmedia":[{"embeddable":true,"href":"https:\/\/www.musique-cugy-vesin.ch\/index.php?rest_route=\/wp\/v2\/media\/391"}],"wp:attachment":[{"href":"https:\/\/www.musique-cugy-vesin.ch\/index.php?rest_route=%2Fwp%2Fv2%2Fmedia&parent=6159"}],"wp:term":[{"taxonomy":"category","embeddable":true,"href":"https:\/\/www.musique-cugy-vesin.ch\/index.php?rest_route=%2Fwp%2Fv2%2Fcategories&post=6159"},{"taxonomy":"post_tag","embeddable":true,"href":"https:\/\/www.musique-cugy-vesin.ch\/index.php?rest_route=%2Fwp%2Fv2%2Ftags&post=6159"}],"curies":[{"name":"wp","href":"https:\/\/api.w.org\/{rel}","templated":true}]}}