{"id":4639,"date":"2017-09-02T10:35:17","date_gmt":"2017-09-02T08:35:17","guid":{"rendered":"http:\/\/www.musique-cugy-vesin.ch\/?p=4639"},"modified":"2017-09-30T17:11:59","modified_gmt":"2017-09-30T15:11:59","slug":"photos-de-la-broche-2017","status":"publish","type":"post","link":"https:\/\/www.musique-cugy-vesin.ch\/?p=4639","title":{"rendered":"Photos de la broche 2017"},"content":{"rendered":"<p>Voici un petit souvenir de notre rallye &#8211; broche 2017!<\/p>\n<p>Merci aux organisateurs et \u00e0 Roger Ansermet, Pr\u00e9sident d&rsquo;Honneur de notre soci\u00e9t\u00e9, pour les photos par drone.<\/p>\n<hr>\n<p>&nbsp;<\/p>\n<p><span style=\"color: #3366ff;\">Photos de la cl\u00f4ture 2017<br \/>\n<\/span><\/p>\nngg_shortcode_0_placeholder\n<hr>\n<p>&nbsp;<\/p>\n<p>&nbsp;<\/p>\n","protected":false},"excerpt":{"rendered":"<p>Voici un petit souvenir de notre rallye &#8211; broche 2017! Merci aux organisateurs et \u00e0 Roger Ansermet, Pr\u00e9sident d&rsquo;Honneur de notre soci\u00e9t\u00e9, pour les photos par drone. &nbsp; Photos de la cl\u00f4ture 2017 &nbsp; &nbsp;<\/p>\n","protected":false},"author":3,"featured_media":4641,"comment_status":"closed","ping_status":"closed","sticky":false,"template":"","format":"standard","meta":{"_crdt_document":"","ngg_post_thumbnail":0,"footnotes":""},"categories":[8,10],"tags":[11],"class_list":["post-4639","post","type-post","status-publish","format-standard","has-post-thumbnail","hentry","category-activites-non-musicales","category-news","tag-photos","entry"],"_links":{"self":[{"href":"https:\/\/www.musique-cugy-vesin.ch\/index.php?rest_route=\/wp\/v2\/posts\/4639","targetHints":{"allow":["GET"]}}],"collection":[{"href":"https:\/\/www.musique-cugy-vesin.ch\/index.php?rest_route=\/wp\/v2\/posts"}],"about":[{"href":"https:\/\/www.musique-cugy-vesin.ch\/index.php?rest_route=\/wp\/v2\/types\/post"}],"author":[{"embeddable":true,"href":"https:\/\/www.musique-cugy-vesin.ch\/index.php?rest_route=\/wp\/v2\/users\/3"}],"replies":[{"embeddable":true,"href":"https:\/\/www.musique-cugy-vesin.ch\/index.php?rest_route=%2Fwp%2Fv2%2Fcomments&post=4639"}],"version-history":[{"count":1,"href":"https:\/\/www.musique-cugy-vesin.ch\/index.php?rest_route=\/wp\/v2\/posts\/4639\/revisions"}],"predecessor-version":[{"id":4640,"href":"https:\/\/www.musique-cugy-vesin.ch\/index.php?rest_route=\/wp\/v2\/posts\/4639\/revisions\/4640"}],"wp:featuredmedia":[{"embeddable":true,"href":"https:\/\/www.musique-cugy-vesin.ch\/index.php?rest_route=\/wp\/v2\/media\/4641"}],"wp:attachment":[{"href":"https:\/\/www.musique-cugy-vesin.ch\/index.php?rest_route=%2Fwp%2Fv2%2Fmedia&parent=4639"}],"wp:term":[{"taxonomy":"category","embeddable":true,"href":"https:\/\/www.musique-cugy-vesin.ch\/index.php?rest_route=%2Fwp%2Fv2%2Fcategories&post=4639"},{"taxonomy":"post_tag","embeddable":true,"href":"https:\/\/www.musique-cugy-vesin.ch\/index.php?rest_route=%2Fwp%2Fv2%2Ftags&post=4639"}],"curies":[{"name":"wp","href":"https:\/\/api.w.org\/{rel}","templated":true}]}}