{"id":4283,"date":"2017-03-27T10:57:22","date_gmt":"2017-03-27T08:57:22","guid":{"rendered":"http:\/\/www.musique-cugy-vesin.ch\/?p=4283"},"modified":"2017-05-06T10:03:05","modified_gmt":"2017-05-06T08:03:05","slug":"photos-soiree-2017","status":"publish","type":"post","link":"https:\/\/www.musique-cugy-vesin.ch\/?p=4283","title":{"rendered":"Photos soir\u00e9e 2017"},"content":{"rendered":"<p>Voici les photographies du concert 2017! Nous avons \u00e0 nouveau pu compter sur <a href=\"https:\/\/www.flickr.com\/photos\/79295199@N05\/\" target=\"_blank\">Eric Humair<\/a> pour r\u00e9aliser ces magnifiques clich\u00e9s! Un grand merci \u00e0 lui. Bon visionnage en attendant notre f\u00eate des musiques qui approche \u00e0 grand pas <a href=\"http:\/\/www.cugy2017.ch\" target=\"_blank\">http:\/\/www.cugy2017.ch<\/a><\/p>\nngg_shortcode_0_placeholder\n","protected":false},"excerpt":{"rendered":"<p>Voici les photographies du concert 2017! Nous avons \u00e0 nouveau pu compter sur Eric Humair pour r\u00e9aliser ces magnifiques clich\u00e9s! Un grand merci \u00e0 lui. Bon visionnage en attendant notre f\u00eate des musiques qui approche \u00e0 grand pas http:\/\/www.cugy2017.ch<\/p>\n","protected":false},"author":3,"featured_media":4284,"comment_status":"closed","ping_status":"closed","sticky":false,"template":"","format":"standard","meta":{"_crdt_document":"","ngg_post_thumbnail":0,"footnotes":""},"categories":[10],"tags":[31,11],"class_list":["post-4283","post","type-post","status-publish","format-standard","has-post-thumbnail","hentry","category-news","tag-news","tag-photos","entry"],"_links":{"self":[{"href":"https:\/\/www.musique-cugy-vesin.ch\/index.php?rest_route=\/wp\/v2\/posts\/4283","targetHints":{"allow":["GET"]}}],"collection":[{"href":"https:\/\/www.musique-cugy-vesin.ch\/index.php?rest_route=\/wp\/v2\/posts"}],"about":[{"href":"https:\/\/www.musique-cugy-vesin.ch\/index.php?rest_route=\/wp\/v2\/types\/post"}],"author":[{"embeddable":true,"href":"https:\/\/www.musique-cugy-vesin.ch\/index.php?rest_route=\/wp\/v2\/users\/3"}],"replies":[{"embeddable":true,"href":"https:\/\/www.musique-cugy-vesin.ch\/index.php?rest_route=%2Fwp%2Fv2%2Fcomments&post=4283"}],"version-history":[{"count":1,"href":"https:\/\/www.musique-cugy-vesin.ch\/index.php?rest_route=\/wp\/v2\/posts\/4283\/revisions"}],"predecessor-version":[{"id":4285,"href":"https:\/\/www.musique-cugy-vesin.ch\/index.php?rest_route=\/wp\/v2\/posts\/4283\/revisions\/4285"}],"wp:featuredmedia":[{"embeddable":true,"href":"https:\/\/www.musique-cugy-vesin.ch\/index.php?rest_route=\/wp\/v2\/media\/4284"}],"wp:attachment":[{"href":"https:\/\/www.musique-cugy-vesin.ch\/index.php?rest_route=%2Fwp%2Fv2%2Fmedia&parent=4283"}],"wp:term":[{"taxonomy":"category","embeddable":true,"href":"https:\/\/www.musique-cugy-vesin.ch\/index.php?rest_route=%2Fwp%2Fv2%2Fcategories&post=4283"},{"taxonomy":"post_tag","embeddable":true,"href":"https:\/\/www.musique-cugy-vesin.ch\/index.php?rest_route=%2Fwp%2Fv2%2Ftags&post=4283"}],"curies":[{"name":"wp","href":"https:\/\/api.w.org\/{rel}","templated":true}]}}