{"id":3471,"date":"2016-06-07T17:19:56","date_gmt":"2016-06-07T15:19:56","guid":{"rendered":"http:\/\/www.musique-cugy-vesin.ch\/?p=3471"},"modified":"2017-06-27T10:09:12","modified_gmt":"2017-06-27T08:09:12","slug":"photos-soiree-2016","status":"publish","type":"post","link":"https:\/\/www.musique-cugy-vesin.ch\/?p=3471","title":{"rendered":"Photos soir\u00e9e 2016"},"content":{"rendered":"<p>Vous les attendiez toutes et tous, les voici les voil\u00e0, les magnifiques photo qu&rsquo;<a href=\"https:\/\/www.flickr.com\/photos\/79295199@N05\/\" target=\"_blank\" rel=\"noopener\">Eric Humair<\/a> \u00e0 eu la gentillesse de nous faire lors de la soir\u00e9e 2016! Vous pourrez ainsi revivre le show <em>A chacun son m\u00e9tier<\/em> et vous rem\u00e9morer cet excellent moment! Encore merci \u00e0 Eric et bonne visualisation.<\/p>\nngg_shortcode_0_placeholder\n","protected":false},"excerpt":{"rendered":"<p>Vous les attendiez toutes et tous, les voici les voil\u00e0, les magnifiques photo qu&rsquo;Eric Humair \u00e0 eu la gentillesse de nous faire lors de la soir\u00e9e 2016! Vous pourrez ainsi revivre le show A chacun son m\u00e9tier et vous rem\u00e9morer cet excellent moment! Encore merci \u00e0 Eric et bonne visualisation.<\/p>\n","protected":false},"author":3,"featured_media":3472,"comment_status":"closed","ping_status":"closed","sticky":false,"template":"","format":"standard","meta":{"_crdt_document":"","ngg_post_thumbnail":0,"footnotes":""},"categories":[10],"tags":[13,11],"class_list":["post-3471","post","type-post","status-publish","format-standard","has-post-thumbnail","hentry","category-news","tag-concert","tag-photos","entry"],"_links":{"self":[{"href":"https:\/\/www.musique-cugy-vesin.ch\/index.php?rest_route=\/wp\/v2\/posts\/3471","targetHints":{"allow":["GET"]}}],"collection":[{"href":"https:\/\/www.musique-cugy-vesin.ch\/index.php?rest_route=\/wp\/v2\/posts"}],"about":[{"href":"https:\/\/www.musique-cugy-vesin.ch\/index.php?rest_route=\/wp\/v2\/types\/post"}],"author":[{"embeddable":true,"href":"https:\/\/www.musique-cugy-vesin.ch\/index.php?rest_route=\/wp\/v2\/users\/3"}],"replies":[{"embeddable":true,"href":"https:\/\/www.musique-cugy-vesin.ch\/index.php?rest_route=%2Fwp%2Fv2%2Fcomments&post=3471"}],"version-history":[{"count":2,"href":"https:\/\/www.musique-cugy-vesin.ch\/index.php?rest_route=\/wp\/v2\/posts\/3471\/revisions"}],"predecessor-version":[{"id":4305,"href":"https:\/\/www.musique-cugy-vesin.ch\/index.php?rest_route=\/wp\/v2\/posts\/3471\/revisions\/4305"}],"wp:featuredmedia":[{"embeddable":true,"href":"https:\/\/www.musique-cugy-vesin.ch\/index.php?rest_route=\/wp\/v2\/media\/3472"}],"wp:attachment":[{"href":"https:\/\/www.musique-cugy-vesin.ch\/index.php?rest_route=%2Fwp%2Fv2%2Fmedia&parent=3471"}],"wp:term":[{"taxonomy":"category","embeddable":true,"href":"https:\/\/www.musique-cugy-vesin.ch\/index.php?rest_route=%2Fwp%2Fv2%2Fcategories&post=3471"},{"taxonomy":"post_tag","embeddable":true,"href":"https:\/\/www.musique-cugy-vesin.ch\/index.php?rest_route=%2Fwp%2Fv2%2Ftags&post=3471"}],"curies":[{"name":"wp","href":"https:\/\/api.w.org\/{rel}","templated":true}]}}