{"id":1088,"date":"2015-04-07T15:04:10","date_gmt":"2015-04-07T13:04:10","guid":{"rendered":"http:\/\/www.musique-cugy-vesin.ch\/?p=1088"},"modified":"2015-05-18T09:00:18","modified_gmt":"2015-05-18T07:00:18","slug":"horaire-fete-cantonale-des-musiques","status":"publish","type":"post","link":"https:\/\/www.musique-cugy-vesin.ch\/?p=1088","title":{"rendered":"Horaires f\u00eate cantonale des musiques"},"content":{"rendered":"<p>La <a href=\"http:\/\/www.musicanto2015.ch\/accueil.html\" target=\"_blank\">22\u00e8me F\u00eate cantonale des musiques fribourgeoises<\/a> approche \u00e0 grands pas! Elle aura lieu pendant de le week-end de l&rsquo;Ascension du 14 au 17 mai 2015 \u00e0 W\u00fcnnewil-Flamatt. Comme vous le savez certainement, cette F\u00eate cantonale a lieu tous les 5 ans et constitue un point d&rsquo;orgue dans la vie des soci\u00e9t\u00e9s de musiques du canton. En effet, cette F\u00eate met en relation tant musicale que fraternelle toutes les fanfares, harmonies et brass band fribourgeois dans un m\u00eame lieu.<\/p>\n<p><a href=\"http:\/\/www.musique-cugy-vesin.ch\/wp-content\/uploads\/2015\/04\/cantonale_article_2015.jpg\"><img fetchpriority=\"high\" decoding=\"async\" class=\" size-full wp-image-1095 alignnone\" src=\"http:\/\/www.musique-cugy-vesin.ch\/wp-content\/uploads\/2015\/04\/cantonale_article_2015.jpg\" alt=\"cantonale_article_2015\" width=\"1016\" height=\"264\" srcset=\"https:\/\/www.musique-cugy-vesin.ch\/wp-content\/uploads\/2015\/04\/cantonale_article_2015.jpg 1016w, https:\/\/www.musique-cugy-vesin.ch\/wp-content\/uploads\/2015\/04\/cantonale_article_2015-300x78.jpg 300w\" sizes=\"(max-width: 1016px) 100vw, 1016px\" \/><\/a><\/p>\n<p>Nous aurons le plaisir d&rsquo;y participer en 2\u00e8me cat\u00e9gorie brass band et d&rsquo;interpr\u00e9ter deux pi\u00e8ces, une impos\u00e9e et une libre. Pour cette derni\u00e8re nous jouerons Olympus de Philip Harper tandis que le morceau impos\u00e9 est une tr\u00e8s belle cr\u00e9ation de Benedikt Hayoz, Canzona in Echo. Cliquer ici pour le <a href=\"http:\/\/www.musique-cugy-vesin.ch\/wp-content\/uploads\/2015\/04\/2BB-Canzona_in_echo.pdf\" target=\"_blank\">descriptif<\/a> de cette pi\u00e8ce. Ensuite, nous avons le concours de marche o\u00f9 nous d\u00e9filerons avec Basler March de Willy Haag. Pour terminer en beaut\u00e9 cette F\u00eate, nous participerons au grand cort\u00e8ge du dimanche!<\/p>\n<h3><span style=\"color: #0000ff;\">Nos horaires de passage sont les suivants:<\/span><\/h3>\n<ul>\n<li>Concours devant le jury: vendredi 15 mai 2015 \u00e0 15h16 au local B, <a href=\"http:\/\/www.musicanto2015.ch\/salles_concours.html#B\" target=\"_blank\">Aula du CO<\/a><\/li>\n<li>Concours de marche: vendredi 15 mai 2015 \u00e0 17h24<\/li>\n<li>Cort\u00e8ge le dimanche 17 mai en position 17<\/li>\n<\/ul>\n<p>Pour le d\u00e9tail des horaires, consulter ces fichiers: <a href=\"http:\/\/www.musique-cugy-vesin.ch\/wp-content\/uploads\/2015\/04\/concours_jury_cantonale_2015.pdf\" target=\"_blank\">concours en salle<\/a>, <a href=\"http:\/\/www.musique-cugy-vesin.ch\/wp-content\/uploads\/2015\/04\/concours_marche_cantonale_2015.pdf\" target=\"_blank\">concours de marche<\/a> et <a href=\"http:\/\/www.musique-cugy-vesin.ch\/wp-content\/uploads\/2015\/04\/cortege_cantonale_2015.pdf\" target=\"_blank\">cort\u00e8ge<\/a>.<\/p>\n<p>Le programme complet de la F\u00eate sur le site: <a href=\"http:\/\/www.musicanto2015.ch\/accueil.html\" target=\"_blank\">www.musicanto2015.ch<\/a><\/p>\n<p>Au plaisir de vous y voir pour de grands moments de musique et d&rsquo;amiti\u00e9!<\/p>\n","protected":false},"excerpt":{"rendered":"<p>La 22\u00e8me F\u00eate cantonale des musiques fribourgeoises approche \u00e0 grands pas! Elle aura lieu pendant de le week-end de l&rsquo;Ascension du 14 au 17 mai 2015 \u00e0 W\u00fcnnewil-Flamatt. Comme vous le savez certainement, cette F\u00eate cantonale a lieu tous les 5 ans et constitue un point d&rsquo;orgue dans la vie des soci\u00e9t\u00e9s de musiques du&hellip; <a class=\"more-link\" href=\"https:\/\/www.musique-cugy-vesin.ch\/?p=1088\">Poursuivre la lecture <span class=\"screen-reader-text\">Horaires f\u00eate cantonale des musiques<\/span><\/a><\/p>\n","protected":false},"author":3,"featured_media":1093,"comment_status":"closed","ping_status":"closed","sticky":false,"template":"","format":"standard","meta":{"_crdt_document":"","ngg_post_thumbnail":0,"footnotes":""},"categories":[10],"tags":[20,31,16],"class_list":["post-1088","post","type-post","status-publish","format-standard","has-post-thumbnail","hentry","category-news","tag-concours","tag-news","tag-prestation","entry"],"_links":{"self":[{"href":"https:\/\/www.musique-cugy-vesin.ch\/index.php?rest_route=\/wp\/v2\/posts\/1088","targetHints":{"allow":["GET"]}}],"collection":[{"href":"https:\/\/www.musique-cugy-vesin.ch\/index.php?rest_route=\/wp\/v2\/posts"}],"about":[{"href":"https:\/\/www.musique-cugy-vesin.ch\/index.php?rest_route=\/wp\/v2\/types\/post"}],"author":[{"embeddable":true,"href":"https:\/\/www.musique-cugy-vesin.ch\/index.php?rest_route=\/wp\/v2\/users\/3"}],"replies":[{"embeddable":true,"href":"https:\/\/www.musique-cugy-vesin.ch\/index.php?rest_route=%2Fwp%2Fv2%2Fcomments&post=1088"}],"version-history":[{"count":5,"href":"https:\/\/www.musique-cugy-vesin.ch\/index.php?rest_route=\/wp\/v2\/posts\/1088\/revisions"}],"predecessor-version":[{"id":1100,"href":"https:\/\/www.musique-cugy-vesin.ch\/index.php?rest_route=\/wp\/v2\/posts\/1088\/revisions\/1100"}],"wp:featuredmedia":[{"embeddable":true,"href":"https:\/\/www.musique-cugy-vesin.ch\/index.php?rest_route=\/wp\/v2\/media\/1093"}],"wp:attachment":[{"href":"https:\/\/www.musique-cugy-vesin.ch\/index.php?rest_route=%2Fwp%2Fv2%2Fmedia&parent=1088"}],"wp:term":[{"taxonomy":"category","embeddable":true,"href":"https:\/\/www.musique-cugy-vesin.ch\/index.php?rest_route=%2Fwp%2Fv2%2Fcategories&post=1088"},{"taxonomy":"post_tag","embeddable":true,"href":"https:\/\/www.musique-cugy-vesin.ch\/index.php?rest_route=%2Fwp%2Fv2%2Ftags&post=1088"}],"curies":[{"name":"wp","href":"https:\/\/api.w.org\/{rel}","templated":true}]}}